{"id":1868,"date":"2026-06-30T19:01:17","date_gmt":"2026-06-30T19:01:17","guid":{"rendered":"https:\/\/svnps.org\/?p=1868"},"modified":"2026-06-30T19:23:05","modified_gmt":"2026-06-30T19:23:05","slug":"sesion-formativa-sobre-la-bateria-nepsy-ii","status":"publish","type":"post","link":"https:\/\/svnps.org\/eu\/sesion-formativa-sobre-la-bateria-nepsy-ii\/","title":{"rendered":"Sesi\u00f3n formativa sobre la bater\u00eda NEPSY-II"},"content":{"rendered":"<p class=\"wp-block-paragraph\">La Sociedad Vasco-Navarra de Neuropsicolog\u00eda, en colaboraci\u00f3n con <strong>Pearson<\/strong>, organiz\u00f3 una sesi\u00f3n formativa online dedicada a la bater\u00eda <strong>NEPSY-II<\/strong>, una de las herramientas de referencia para la evaluaci\u00f3n neuropsicol\u00f3gica en poblaci\u00f3n infantil y adolescente.<\/p>\n\n\n\n<p class=\"wp-block-paragraph\">La sesi\u00f3n permiti\u00f3 revisar los fundamentos te\u00f3ricos de la bater\u00eda, su estructura y sus principales aplicaciones cl\u00ednicas, as\u00ed como compartir ejemplos pr\u00e1cticos de administraci\u00f3n e interpretaci\u00f3n de resultados en diferentes contextos asistenciales.<\/p>\n\n\n\n<p class=\"wp-block-paragraph\">La actividad estuvo dirigida a profesionales interesados en profundizar en la evaluaci\u00f3n neuropsicol\u00f3gica del desarrollo y favoreci\u00f3 el intercambio de experiencias sobre el uso de una de las herramientas m\u00e1s utilizadas en la pr\u00e1ctica cl\u00ednica infantojuvenil.<\/p>\n\n\n\n<p class=\"wp-block-paragraph\">Con este tipo de iniciativas, la SVNPS contin\u00faa impulsando la actualizaci\u00f3n cient\u00edfica y la formaci\u00f3n continuada de los profesionales de la neuropsicolog\u00eda.<\/p>","protected":false},"excerpt":{"rendered":"<p>La Sociedad Vasco-Navarra de Neuropsicolog\u00eda, en colaboraci\u00f3n con Pearson, organiz\u00f3 una sesi\u00f3n formativa online dedicada a la bater\u00eda NEPSY-II, una de las herramientas de referencia para la evaluaci\u00f3n neuropsicol\u00f3gica en poblaci\u00f3n infantil y adolescente. La sesi\u00f3n permiti\u00f3 revisar los fundamentos te\u00f3ricos de la bater\u00eda, su estructura y sus principales aplicaciones cl\u00ednicas, as\u00ed como compartir ejemplos [&hellip;]<\/p>\n","protected":false},"author":1,"featured_media":1669,"comment_status":"open","ping_status":"open","sticky":false,"template":"","format":"standard","meta":{"footnotes":""},"categories":[6],"tags":[],"class_list":["post-1868","post","type-post","status-publish","format-standard","has-post-thumbnail","hentry","category-formaciones"],"yoast_head":"<!-- This site is optimized with the Yoast SEO plugin v28.3 - https:\/\/yoast.com\/product\/yoast-seo-wordpress\/ -->\n<title>Sesi\u00f3n formativa sobre la bater\u00eda NEPSY-II - SVN<\/title>\n<meta name=\"robots\" content=\"index, follow, max-snippet:-1, max-image-preview:large, max-video-preview:-1\" \/>\n<link rel=\"canonical\" href=\"https:\/\/svnps.org\/eu\/sesion-formativa-sobre-la-bateria-nepsy-ii\/\" \/>\n<meta property=\"og:locale\" content=\"en_US\" \/>\n<meta property=\"og:type\" content=\"article\" \/>\n<meta property=\"og:title\" content=\"Sesi\u00f3n formativa sobre la bater\u00eda NEPSY-II - SVN\" \/>\n<meta property=\"og:description\" content=\"La Sociedad Vasco-Navarra de Neuropsicolog\u00eda, en colaboraci\u00f3n con Pearson, organiz\u00f3 una sesi\u00f3n formativa online dedicada a la bater\u00eda NEPSY-II, una de las herramientas de referencia para la evaluaci\u00f3n neuropsicol\u00f3gica en poblaci\u00f3n infantil y adolescente. La sesi\u00f3n permiti\u00f3 revisar los fundamentos te\u00f3ricos de la bater\u00eda, su estructura y sus principales aplicaciones cl\u00ednicas, as\u00ed como compartir ejemplos [&hellip;]\" \/>\n<meta property=\"og:url\" content=\"https:\/\/svnps.org\/eu\/sesion-formativa-sobre-la-bateria-nepsy-ii\/\" \/>\n<meta property=\"og:site_name\" content=\"SVN\" \/>\n<meta property=\"article:published_time\" content=\"2026-06-30T19:01:17+00:00\" \/>\n<meta property=\"article:modified_time\" content=\"2026-06-30T19:23:05+00:00\" \/>\n<meta property=\"og:image\" content=\"https:\/\/svnps.org\/wp-content\/uploads\/2026\/06\/tree-trunk-with-burl-in-a-forest-2026-03-05-11-49-24-utc.jpg\" \/>\n\t<meta property=\"og:image:width\" content=\"1920\" \/>\n\t<meta property=\"og:image:height\" content=\"1280\" \/>\n\t<meta property=\"og:image:type\" content=\"image\/jpeg\" \/>\n<meta name=\"author\" content=\"micozzi\" \/>\n<meta name=\"twitter:card\" content=\"summary_large_image\" \/>\n<meta name=\"twitter:label1\" content=\"Written by\" \/>\n\t<meta name=\"twitter:data1\" content=\"micozzi\" \/>\n\t<meta name=\"twitter:label2\" content=\"Est. reading time\" \/>\n\t<meta name=\"twitter:data2\" content=\"1 minutua\" \/>\n<script type=\"application\/ld+json\" class=\"yoast-schema-graph\">{\"@context\":\"https:\\\/\\\/schema.org\",\"@graph\":[{\"@type\":\"Article\",\"@id\":\"https:\\\/\\\/svnps.org\\\/sesion-formativa-sobre-la-bateria-nepsy-ii\\\/#article\",\"isPartOf\":{\"@id\":\"https:\\\/\\\/svnps.org\\\/sesion-formativa-sobre-la-bateria-nepsy-ii\\\/\"},\"author\":{\"name\":\"micozzi\",\"@id\":\"https:\\\/\\\/svnps.org\\\/#\\\/schema\\\/person\\\/ef7c0155a20911dcbf03af310d406afb\"},\"headline\":\"Sesi\u00f3n formativa sobre la bater\u00eda NEPSY-II\",\"datePublished\":\"2026-06-30T19:01:17+00:00\",\"dateModified\":\"2026-06-30T19:23:05+00:00\",\"mainEntityOfPage\":{\"@id\":\"https:\\\/\\\/svnps.org\\\/sesion-formativa-sobre-la-bateria-nepsy-ii\\\/\"},\"wordCount\":156,\"commentCount\":0,\"image\":{\"@id\":\"https:\\\/\\\/svnps.org\\\/sesion-formativa-sobre-la-bateria-nepsy-ii\\\/#primaryimage\"},\"thumbnailUrl\":\"https:\\\/\\\/svnps.org\\\/wp-content\\\/uploads\\\/2026\\\/06\\\/tree-trunk-with-burl-in-a-forest-2026-03-05-11-49-24-utc.jpg\",\"articleSection\":[\"Formaciones\"],\"inLanguage\":\"eu\",\"potentialAction\":[{\"@type\":\"CommentAction\",\"name\":\"Comment\",\"target\":[\"https:\\\/\\\/svnps.org\\\/sesion-formativa-sobre-la-bateria-nepsy-ii\\\/#respond\"]}]},{\"@type\":\"WebPage\",\"@id\":\"https:\\\/\\\/svnps.org\\\/sesion-formativa-sobre-la-bateria-nepsy-ii\\\/\",\"url\":\"https:\\\/\\\/svnps.org\\\/sesion-formativa-sobre-la-bateria-nepsy-ii\\\/\",\"name\":\"Sesi\u00f3n formativa sobre la bater\u00eda NEPSY-II - SVN\",\"isPartOf\":{\"@id\":\"https:\\\/\\\/svnps.org\\\/#website\"},\"primaryImageOfPage\":{\"@id\":\"https:\\\/\\\/svnps.org\\\/sesion-formativa-sobre-la-bateria-nepsy-ii\\\/#primaryimage\"},\"image\":{\"@id\":\"https:\\\/\\\/svnps.org\\\/sesion-formativa-sobre-la-bateria-nepsy-ii\\\/#primaryimage\"},\"thumbnailUrl\":\"https:\\\/\\\/svnps.org\\\/wp-content\\\/uploads\\\/2026\\\/06\\\/tree-trunk-with-burl-in-a-forest-2026-03-05-11-49-24-utc.jpg\",\"datePublished\":\"2026-06-30T19:01:17+00:00\",\"dateModified\":\"2026-06-30T19:23:05+00:00\",\"author\":{\"@id\":\"https:\\\/\\\/svnps.org\\\/#\\\/schema\\\/person\\\/ef7c0155a20911dcbf03af310d406afb\"},\"breadcrumb\":{\"@id\":\"https:\\\/\\\/svnps.org\\\/sesion-formativa-sobre-la-bateria-nepsy-ii\\\/#breadcrumb\"},\"inLanguage\":\"eu\",\"potentialAction\":[{\"@type\":\"ReadAction\",\"target\":[\"https:\\\/\\\/svnps.org\\\/sesion-formativa-sobre-la-bateria-nepsy-ii\\\/\"]}]},{\"@type\":\"ImageObject\",\"inLanguage\":\"eu\",\"@id\":\"https:\\\/\\\/svnps.org\\\/sesion-formativa-sobre-la-bateria-nepsy-ii\\\/#primaryimage\",\"url\":\"https:\\\/\\\/svnps.org\\\/wp-content\\\/uploads\\\/2026\\\/06\\\/tree-trunk-with-burl-in-a-forest-2026-03-05-11-49-24-utc.jpg\",\"contentUrl\":\"https:\\\/\\\/svnps.org\\\/wp-content\\\/uploads\\\/2026\\\/06\\\/tree-trunk-with-burl-in-a-forest-2026-03-05-11-49-24-utc.jpg\",\"width\":1920,\"height\":1280,\"caption\":\"Big growth on a tree trunk Disease of a tree bark Cap\"},{\"@type\":\"BreadcrumbList\",\"@id\":\"https:\\\/\\\/svnps.org\\\/sesion-formativa-sobre-la-bateria-nepsy-ii\\\/#breadcrumb\",\"itemListElement\":[{\"@type\":\"ListItem\",\"position\":1,\"name\":\"Portada\",\"item\":\"https:\\\/\\\/svnps.org\\\/\"},{\"@type\":\"ListItem\",\"position\":2,\"name\":\"Sesi\u00f3n formativa sobre la bater\u00eda NEPSY-II\"}]},{\"@type\":\"WebSite\",\"@id\":\"https:\\\/\\\/svnps.org\\\/#website\",\"url\":\"https:\\\/\\\/svnps.org\\\/\",\"name\":\"SVN\",\"description\":\"\",\"potentialAction\":[{\"@type\":\"SearchAction\",\"target\":{\"@type\":\"EntryPoint\",\"urlTemplate\":\"https:\\\/\\\/svnps.org\\\/?s={search_term_string}\"},\"query-input\":{\"@type\":\"PropertyValueSpecification\",\"valueRequired\":true,\"valueName\":\"search_term_string\"}}],\"inLanguage\":\"eu\"},{\"@type\":\"Person\",\"@id\":\"https:\\\/\\\/svnps.org\\\/#\\\/schema\\\/person\\\/ef7c0155a20911dcbf03af310d406afb\",\"name\":\"micozzi\",\"image\":{\"@type\":\"ImageObject\",\"inLanguage\":\"eu\",\"@id\":\"https:\\\/\\\/secure.gravatar.com\\\/avatar\\\/d12f87b989e1bd533a4442f0dfa9087f3a8a280f4d316d14fe03bcfd45717488?s=96&d=mm&r=g\",\"url\":\"https:\\\/\\\/secure.gravatar.com\\\/avatar\\\/d12f87b989e1bd533a4442f0dfa9087f3a8a280f4d316d14fe03bcfd45717488?s=96&d=mm&r=g\",\"contentUrl\":\"https:\\\/\\\/secure.gravatar.com\\\/avatar\\\/d12f87b989e1bd533a4442f0dfa9087f3a8a280f4d316d14fe03bcfd45717488?s=96&d=mm&r=g\",\"caption\":\"micozzi\"},\"sameAs\":[\"https:\\\/\\\/bzd.ewi.mybluehost.me\\\/website_b65c74c8\"],\"url\":\"https:\\\/\\\/svnps.org\\\/eu\\\/author\\\/micozzi\\\/\"}]}<\/script>\n<!-- \/ Yoast SEO plugin. -->","yoast_head_json":{"title":"Sesi\u00f3n formativa sobre la bater\u00eda NEPSY-II - SVN","robots":{"index":"index","follow":"follow","max-snippet":"max-snippet:-1","max-image-preview":"max-image-preview:large","max-video-preview":"max-video-preview:-1"},"canonical":"https:\/\/svnps.org\/eu\/sesion-formativa-sobre-la-bateria-nepsy-ii\/","og_locale":"en_US","og_type":"article","og_title":"Sesi\u00f3n formativa sobre la bater\u00eda NEPSY-II - SVN","og_description":"La Sociedad Vasco-Navarra de Neuropsicolog\u00eda, en colaboraci\u00f3n con Pearson, organiz\u00f3 una sesi\u00f3n formativa online dedicada a la bater\u00eda NEPSY-II, una de las herramientas de referencia para la evaluaci\u00f3n neuropsicol\u00f3gica en poblaci\u00f3n infantil y adolescente. La sesi\u00f3n permiti\u00f3 revisar los fundamentos te\u00f3ricos de la bater\u00eda, su estructura y sus principales aplicaciones cl\u00ednicas, as\u00ed como compartir ejemplos [&hellip;]","og_url":"https:\/\/svnps.org\/eu\/sesion-formativa-sobre-la-bateria-nepsy-ii\/","og_site_name":"SVN","article_published_time":"2026-06-30T19:01:17+00:00","article_modified_time":"2026-06-30T19:23:05+00:00","og_image":[{"width":1920,"height":1280,"url":"https:\/\/svnps.org\/wp-content\/uploads\/2026\/06\/tree-trunk-with-burl-in-a-forest-2026-03-05-11-49-24-utc.jpg","type":"image\/jpeg"}],"author":"micozzi","twitter_card":"summary_large_image","twitter_misc":{"Written by":"micozzi","Est. reading time":"1 minutua"},"schema":{"@context":"https:\/\/schema.org","@graph":[{"@type":"Article","@id":"https:\/\/svnps.org\/sesion-formativa-sobre-la-bateria-nepsy-ii\/#article","isPartOf":{"@id":"https:\/\/svnps.org\/sesion-formativa-sobre-la-bateria-nepsy-ii\/"},"author":{"name":"micozzi","@id":"https:\/\/svnps.org\/#\/schema\/person\/ef7c0155a20911dcbf03af310d406afb"},"headline":"Sesi\u00f3n formativa sobre la bater\u00eda NEPSY-II","datePublished":"2026-06-30T19:01:17+00:00","dateModified":"2026-06-30T19:23:05+00:00","mainEntityOfPage":{"@id":"https:\/\/svnps.org\/sesion-formativa-sobre-la-bateria-nepsy-ii\/"},"wordCount":156,"commentCount":0,"image":{"@id":"https:\/\/svnps.org\/sesion-formativa-sobre-la-bateria-nepsy-ii\/#primaryimage"},"thumbnailUrl":"https:\/\/svnps.org\/wp-content\/uploads\/2026\/06\/tree-trunk-with-burl-in-a-forest-2026-03-05-11-49-24-utc.jpg","articleSection":["Formaciones"],"inLanguage":"eu","potentialAction":[{"@type":"CommentAction","name":"Comment","target":["https:\/\/svnps.org\/sesion-formativa-sobre-la-bateria-nepsy-ii\/#respond"]}]},{"@type":"WebPage","@id":"https:\/\/svnps.org\/sesion-formativa-sobre-la-bateria-nepsy-ii\/","url":"https:\/\/svnps.org\/sesion-formativa-sobre-la-bateria-nepsy-ii\/","name":"Sesi\u00f3n formativa sobre la bater\u00eda NEPSY-II - SVN","isPartOf":{"@id":"https:\/\/svnps.org\/#website"},"primaryImageOfPage":{"@id":"https:\/\/svnps.org\/sesion-formativa-sobre-la-bateria-nepsy-ii\/#primaryimage"},"image":{"@id":"https:\/\/svnps.org\/sesion-formativa-sobre-la-bateria-nepsy-ii\/#primaryimage"},"thumbnailUrl":"https:\/\/svnps.org\/wp-content\/uploads\/2026\/06\/tree-trunk-with-burl-in-a-forest-2026-03-05-11-49-24-utc.jpg","datePublished":"2026-06-30T19:01:17+00:00","dateModified":"2026-06-30T19:23:05+00:00","author":{"@id":"https:\/\/svnps.org\/#\/schema\/person\/ef7c0155a20911dcbf03af310d406afb"},"breadcrumb":{"@id":"https:\/\/svnps.org\/sesion-formativa-sobre-la-bateria-nepsy-ii\/#breadcrumb"},"inLanguage":"eu","potentialAction":[{"@type":"ReadAction","target":["https:\/\/svnps.org\/sesion-formativa-sobre-la-bateria-nepsy-ii\/"]}]},{"@type":"ImageObject","inLanguage":"eu","@id":"https:\/\/svnps.org\/sesion-formativa-sobre-la-bateria-nepsy-ii\/#primaryimage","url":"https:\/\/svnps.org\/wp-content\/uploads\/2026\/06\/tree-trunk-with-burl-in-a-forest-2026-03-05-11-49-24-utc.jpg","contentUrl":"https:\/\/svnps.org\/wp-content\/uploads\/2026\/06\/tree-trunk-with-burl-in-a-forest-2026-03-05-11-49-24-utc.jpg","width":1920,"height":1280,"caption":"Big growth on a tree trunk Disease of a tree bark Cap"},{"@type":"BreadcrumbList","@id":"https:\/\/svnps.org\/sesion-formativa-sobre-la-bateria-nepsy-ii\/#breadcrumb","itemListElement":[{"@type":"ListItem","position":1,"name":"Portada","item":"https:\/\/svnps.org\/"},{"@type":"ListItem","position":2,"name":"Sesi\u00f3n formativa sobre la bater\u00eda NEPSY-II"}]},{"@type":"WebSite","@id":"https:\/\/svnps.org\/#website","url":"https:\/\/svnps.org\/","name":"SVN","description":"","potentialAction":[{"@type":"SearchAction","target":{"@type":"EntryPoint","urlTemplate":"https:\/\/svnps.org\/?s={search_term_string}"},"query-input":{"@type":"PropertyValueSpecification","valueRequired":true,"valueName":"search_term_string"}}],"inLanguage":"eu"},{"@type":"Person","@id":"https:\/\/svnps.org\/#\/schema\/person\/ef7c0155a20911dcbf03af310d406afb","name":"micozzi","image":{"@type":"ImageObject","inLanguage":"eu","@id":"https:\/\/secure.gravatar.com\/avatar\/d12f87b989e1bd533a4442f0dfa9087f3a8a280f4d316d14fe03bcfd45717488?s=96&d=mm&r=g","url":"https:\/\/secure.gravatar.com\/avatar\/d12f87b989e1bd533a4442f0dfa9087f3a8a280f4d316d14fe03bcfd45717488?s=96&d=mm&r=g","contentUrl":"https:\/\/secure.gravatar.com\/avatar\/d12f87b989e1bd533a4442f0dfa9087f3a8a280f4d316d14fe03bcfd45717488?s=96&d=mm&r=g","caption":"micozzi"},"sameAs":["https:\/\/bzd.ewi.mybluehost.me\/website_b65c74c8"],"url":"https:\/\/svnps.org\/eu\/author\/micozzi\/"}]}},"_links":{"self":[{"href":"https:\/\/svnps.org\/eu\/wp-json\/wp\/v2\/posts\/1868","targetHints":{"allow":["GET"]}}],"collection":[{"href":"https:\/\/svnps.org\/eu\/wp-json\/wp\/v2\/posts"}],"about":[{"href":"https:\/\/svnps.org\/eu\/wp-json\/wp\/v2\/types\/post"}],"author":[{"embeddable":true,"href":"https:\/\/svnps.org\/eu\/wp-json\/wp\/v2\/users\/1"}],"replies":[{"embeddable":true,"href":"https:\/\/svnps.org\/eu\/wp-json\/wp\/v2\/comments?post=1868"}],"version-history":[{"count":1,"href":"https:\/\/svnps.org\/eu\/wp-json\/wp\/v2\/posts\/1868\/revisions"}],"predecessor-version":[{"id":1869,"href":"https:\/\/svnps.org\/eu\/wp-json\/wp\/v2\/posts\/1868\/revisions\/1869"}],"wp:featuredmedia":[{"embeddable":true,"href":"https:\/\/svnps.org\/eu\/wp-json\/wp\/v2\/media\/1669"}],"wp:attachment":[{"href":"https:\/\/svnps.org\/eu\/wp-json\/wp\/v2\/media?parent=1868"}],"wp:term":[{"taxonomy":"category","embeddable":true,"href":"https:\/\/svnps.org\/eu\/wp-json\/wp\/v2\/categories?post=1868"},{"taxonomy":"post_tag","embeddable":true,"href":"https:\/\/svnps.org\/eu\/wp-json\/wp\/v2\/tags?post=1868"}],"curies":[{"name":"wp","href":"https:\/\/api.w.org\/{rel}","templated":true}]}}