{"id":686,"date":"2026-05-26T18:00:52","date_gmt":"2026-05-26T18:00:52","guid":{"rendered":"https:\/\/svnps.org\/?p=686"},"modified":"2026-07-02T15:23:11","modified_gmt":"2026-07-02T15:23:11","slug":"la-asociacion-aragonesa-de-neuropsicologia-dedico-su-x-reunion-anual-a-los-trastornos-funcionales","status":"publish","type":"post","link":"https:\/\/svnps.org\/eu\/la-asociacion-aragonesa-de-neuropsicologia-dedico-su-x-reunion-anual-a-los-trastornos-funcionales\/","title":{"rendered":"La Asociaci\u00f3n Aragonesa de Neuropsicolog\u00eda dedic\u00f3 su X Reuni\u00f3n Anual a los Trastornos Funcionales"},"content":{"rendered":"<p class=\"wp-block-paragraph\">El pasado <strong>28 de febrero de 2026<\/strong>, la Asociaci\u00f3n Aragonesa de Neuropsicolog\u00eda celebr\u00f3 en Zaragoza su <strong>X Reuni\u00f3n Anual<\/strong>, centrada en la <em>Neurociencia de los Trastornos Funcionales<\/em>.<\/p>\n\n\n\n<p class=\"wp-block-paragraph\">La jornada reuni\u00f3 a especialistas de referencia como <strong>V\u00edctor G\u00f3mez, Genny Lubrini, Patricia Gracia e Isabel Irigoyen<\/strong>, quienes abordaron distintos aspectos relacionados con la evaluaci\u00f3n e intervenci\u00f3n de los trastornos neurol\u00f3gicos funcionales desde una perspectiva multidisciplinar.<\/p>\n\n\n\n<p class=\"wp-block-paragraph\">El programa permiti\u00f3 revisar los avances m\u00e1s recientes en este \u00e1mbito, destacando el papel de la neuropsicolog\u00eda en la evaluaci\u00f3n cl\u00ednica, la intervenci\u00f3n terap\u00e9utica y el trabajo coordinado con neurolog\u00eda y psiquiatr\u00eda.<\/p>\n\n\n\n<p class=\"wp-block-paragraph\">Desde la SVNPS seguimos apoyando la difusi\u00f3n de iniciativas cient\u00edficas organizadas por otras sociedades, favoreciendo la colaboraci\u00f3n y el intercambio de conocimiento entre profesionales.<\/p>","protected":false},"excerpt":{"rendered":"<p>El pasado 28 de febrero de 2026, la Asociaci\u00f3n Aragonesa de Neuropsicolog\u00eda celebr\u00f3 en Zaragoza su X Reuni\u00f3n Anual, centrada en la Neurociencia de los Trastornos Funcionales. La jornada reuni\u00f3 a especialistas de referencia como V\u00edctor G\u00f3mez, Genny Lubrini, Patricia Gracia e Isabel Irigoyen, quienes abordaron distintos aspectos relacionados con la evaluaci\u00f3n e intervenci\u00f3n de [&hellip;]<\/p>\n","protected":false},"author":1,"featured_media":2019,"comment_status":"open","ping_status":"open","sticky":false,"template":"","format":"standard","meta":{"footnotes":""},"categories":[544],"tags":[],"class_list":["post-686","post","type-post","status-publish","format-standard","has-post-thumbnail","hentry","category-iniciativas"],"yoast_head":"<!-- This site is optimized with the Yoast SEO plugin v28.3 - https:\/\/yoast.com\/product\/yoast-seo-wordpress\/ -->\n<title>La Asociaci\u00f3n Aragonesa de Neuropsicolog\u00eda dedic\u00f3 su X Reuni\u00f3n Anual a los Trastornos Funcionales - SVN<\/title>\n<meta name=\"robots\" content=\"index, follow, max-snippet:-1, max-image-preview:large, max-video-preview:-1\" \/>\n<link rel=\"canonical\" href=\"https:\/\/svnps.org\/eu\/la-asociacion-aragonesa-de-neuropsicologia-dedico-su-x-reunion-anual-a-los-trastornos-funcionales\/\" \/>\n<meta property=\"og:locale\" content=\"en_US\" \/>\n<meta property=\"og:type\" content=\"article\" \/>\n<meta property=\"og:title\" content=\"La Asociaci\u00f3n Aragonesa de Neuropsicolog\u00eda dedic\u00f3 su X Reuni\u00f3n Anual a los Trastornos Funcionales - SVN\" \/>\n<meta property=\"og:description\" content=\"El pasado 28 de febrero de 2026, la Asociaci\u00f3n Aragonesa de Neuropsicolog\u00eda celebr\u00f3 en Zaragoza su X Reuni\u00f3n Anual, centrada en la Neurociencia de los Trastornos Funcionales. La jornada reuni\u00f3 a especialistas de referencia como V\u00edctor G\u00f3mez, Genny Lubrini, Patricia Gracia e Isabel Irigoyen, quienes abordaron distintos aspectos relacionados con la evaluaci\u00f3n e intervenci\u00f3n de [&hellip;]\" \/>\n<meta property=\"og:url\" content=\"https:\/\/svnps.org\/eu\/la-asociacion-aragonesa-de-neuropsicologia-dedico-su-x-reunion-anual-a-los-trastornos-funcionales\/\" \/>\n<meta property=\"og:site_name\" content=\"SVN\" \/>\n<meta property=\"article:published_time\" content=\"2026-05-26T18:00:52+00:00\" \/>\n<meta property=\"article:modified_time\" content=\"2026-07-02T15:23:11+00:00\" \/>\n<meta property=\"og:image\" content=\"https:\/\/svnps.org\/wp-content\/uploads\/2026\/05\/blog-post.jpg\" \/>\n\t<meta property=\"og:image:width\" content=\"1920\" \/>\n\t<meta property=\"og:image:height\" content=\"1379\" \/>\n\t<meta property=\"og:image:type\" content=\"image\/jpeg\" \/>\n<meta name=\"author\" content=\"micozzi\" \/>\n<meta name=\"twitter:card\" content=\"summary_large_image\" \/>\n<meta name=\"twitter:label1\" content=\"Written by\" \/>\n\t<meta name=\"twitter:data1\" content=\"micozzi\" \/>\n\t<meta name=\"twitter:label2\" content=\"Est. reading time\" \/>\n\t<meta name=\"twitter:data2\" content=\"1 minutua\" \/>\n<script type=\"application\/ld+json\" class=\"yoast-schema-graph\">{\"@context\":\"https:\\\/\\\/schema.org\",\"@graph\":[{\"@type\":\"Article\",\"@id\":\"https:\\\/\\\/svnps.org\\\/la-asociacion-aragonesa-de-neuropsicologia-dedico-su-x-reunion-anual-a-los-trastornos-funcionales\\\/#article\",\"isPartOf\":{\"@id\":\"https:\\\/\\\/svnps.org\\\/la-asociacion-aragonesa-de-neuropsicologia-dedico-su-x-reunion-anual-a-los-trastornos-funcionales\\\/\"},\"author\":{\"name\":\"micozzi\",\"@id\":\"https:\\\/\\\/svnps.org\\\/#\\\/schema\\\/person\\\/ef7c0155a20911dcbf03af310d406afb\"},\"headline\":\"La Asociaci\u00f3n Aragonesa de Neuropsicolog\u00eda dedic\u00f3 su X Reuni\u00f3n Anual a los Trastornos Funcionales\",\"datePublished\":\"2026-05-26T18:00:52+00:00\",\"dateModified\":\"2026-07-02T15:23:11+00:00\",\"mainEntityOfPage\":{\"@id\":\"https:\\\/\\\/svnps.org\\\/la-asociacion-aragonesa-de-neuropsicologia-dedico-su-x-reunion-anual-a-los-trastornos-funcionales\\\/\"},\"wordCount\":153,\"commentCount\":0,\"image\":{\"@id\":\"https:\\\/\\\/svnps.org\\\/la-asociacion-aragonesa-de-neuropsicologia-dedico-su-x-reunion-anual-a-los-trastornos-funcionales\\\/#primaryimage\"},\"thumbnailUrl\":\"https:\\\/\\\/svnps.org\\\/wp-content\\\/uploads\\\/2026\\\/05\\\/blog-post.jpg\",\"articleSection\":[\"Iniciativas\"],\"inLanguage\":\"eu\",\"potentialAction\":[{\"@type\":\"CommentAction\",\"name\":\"Comment\",\"target\":[\"https:\\\/\\\/svnps.org\\\/la-asociacion-aragonesa-de-neuropsicologia-dedico-su-x-reunion-anual-a-los-trastornos-funcionales\\\/#respond\"]}]},{\"@type\":\"WebPage\",\"@id\":\"https:\\\/\\\/svnps.org\\\/la-asociacion-aragonesa-de-neuropsicologia-dedico-su-x-reunion-anual-a-los-trastornos-funcionales\\\/\",\"url\":\"https:\\\/\\\/svnps.org\\\/la-asociacion-aragonesa-de-neuropsicologia-dedico-su-x-reunion-anual-a-los-trastornos-funcionales\\\/\",\"name\":\"La Asociaci\u00f3n Aragonesa de Neuropsicolog\u00eda dedic\u00f3 su X Reuni\u00f3n Anual a los Trastornos Funcionales - SVN\",\"isPartOf\":{\"@id\":\"https:\\\/\\\/svnps.org\\\/#website\"},\"primaryImageOfPage\":{\"@id\":\"https:\\\/\\\/svnps.org\\\/la-asociacion-aragonesa-de-neuropsicologia-dedico-su-x-reunion-anual-a-los-trastornos-funcionales\\\/#primaryimage\"},\"image\":{\"@id\":\"https:\\\/\\\/svnps.org\\\/la-asociacion-aragonesa-de-neuropsicologia-dedico-su-x-reunion-anual-a-los-trastornos-funcionales\\\/#primaryimage\"},\"thumbnailUrl\":\"https:\\\/\\\/svnps.org\\\/wp-content\\\/uploads\\\/2026\\\/05\\\/blog-post.jpg\",\"datePublished\":\"2026-05-26T18:00:52+00:00\",\"dateModified\":\"2026-07-02T15:23:11+00:00\",\"author\":{\"@id\":\"https:\\\/\\\/svnps.org\\\/#\\\/schema\\\/person\\\/ef7c0155a20911dcbf03af310d406afb\"},\"breadcrumb\":{\"@id\":\"https:\\\/\\\/svnps.org\\\/la-asociacion-aragonesa-de-neuropsicologia-dedico-su-x-reunion-anual-a-los-trastornos-funcionales\\\/#breadcrumb\"},\"inLanguage\":\"eu\",\"potentialAction\":[{\"@type\":\"ReadAction\",\"target\":[\"https:\\\/\\\/svnps.org\\\/la-asociacion-aragonesa-de-neuropsicologia-dedico-su-x-reunion-anual-a-los-trastornos-funcionales\\\/\"]}]},{\"@type\":\"ImageObject\",\"inLanguage\":\"eu\",\"@id\":\"https:\\\/\\\/svnps.org\\\/la-asociacion-aragonesa-de-neuropsicologia-dedico-su-x-reunion-anual-a-los-trastornos-funcionales\\\/#primaryimage\",\"url\":\"https:\\\/\\\/svnps.org\\\/wp-content\\\/uploads\\\/2026\\\/05\\\/blog-post.jpg\",\"contentUrl\":\"https:\\\/\\\/svnps.org\\\/wp-content\\\/uploads\\\/2026\\\/05\\\/blog-post.jpg\",\"width\":1920,\"height\":1379},{\"@type\":\"BreadcrumbList\",\"@id\":\"https:\\\/\\\/svnps.org\\\/la-asociacion-aragonesa-de-neuropsicologia-dedico-su-x-reunion-anual-a-los-trastornos-funcionales\\\/#breadcrumb\",\"itemListElement\":[{\"@type\":\"ListItem\",\"position\":1,\"name\":\"Portada\",\"item\":\"https:\\\/\\\/svnps.org\\\/\"},{\"@type\":\"ListItem\",\"position\":2,\"name\":\"La Asociaci\u00f3n Aragonesa de Neuropsicolog\u00eda dedic\u00f3 su X Reuni\u00f3n Anual a los Trastornos Funcionales\"}]},{\"@type\":\"WebSite\",\"@id\":\"https:\\\/\\\/svnps.org\\\/#website\",\"url\":\"https:\\\/\\\/svnps.org\\\/\",\"name\":\"SVN\",\"description\":\"\",\"potentialAction\":[{\"@type\":\"SearchAction\",\"target\":{\"@type\":\"EntryPoint\",\"urlTemplate\":\"https:\\\/\\\/svnps.org\\\/?s={search_term_string}\"},\"query-input\":{\"@type\":\"PropertyValueSpecification\",\"valueRequired\":true,\"valueName\":\"search_term_string\"}}],\"inLanguage\":\"eu\"},{\"@type\":\"Person\",\"@id\":\"https:\\\/\\\/svnps.org\\\/#\\\/schema\\\/person\\\/ef7c0155a20911dcbf03af310d406afb\",\"name\":\"micozzi\",\"image\":{\"@type\":\"ImageObject\",\"inLanguage\":\"eu\",\"@id\":\"https:\\\/\\\/secure.gravatar.com\\\/avatar\\\/d12f87b989e1bd533a4442f0dfa9087f3a8a280f4d316d14fe03bcfd45717488?s=96&d=mm&r=g\",\"url\":\"https:\\\/\\\/secure.gravatar.com\\\/avatar\\\/d12f87b989e1bd533a4442f0dfa9087f3a8a280f4d316d14fe03bcfd45717488?s=96&d=mm&r=g\",\"contentUrl\":\"https:\\\/\\\/secure.gravatar.com\\\/avatar\\\/d12f87b989e1bd533a4442f0dfa9087f3a8a280f4d316d14fe03bcfd45717488?s=96&d=mm&r=g\",\"caption\":\"micozzi\"},\"sameAs\":[\"https:\\\/\\\/bzd.ewi.mybluehost.me\\\/website_b65c74c8\"],\"url\":\"https:\\\/\\\/svnps.org\\\/eu\\\/author\\\/micozzi\\\/\"}]}<\/script>\n<!-- \/ Yoast SEO plugin. -->","yoast_head_json":{"title":"La Asociaci\u00f3n Aragonesa de Neuropsicolog\u00eda dedic\u00f3 su X Reuni\u00f3n Anual a los Trastornos Funcionales - SVN","robots":{"index":"index","follow":"follow","max-snippet":"max-snippet:-1","max-image-preview":"max-image-preview:large","max-video-preview":"max-video-preview:-1"},"canonical":"https:\/\/svnps.org\/eu\/la-asociacion-aragonesa-de-neuropsicologia-dedico-su-x-reunion-anual-a-los-trastornos-funcionales\/","og_locale":"en_US","og_type":"article","og_title":"La Asociaci\u00f3n Aragonesa de Neuropsicolog\u00eda dedic\u00f3 su X Reuni\u00f3n Anual a los Trastornos Funcionales - SVN","og_description":"El pasado 28 de febrero de 2026, la Asociaci\u00f3n Aragonesa de Neuropsicolog\u00eda celebr\u00f3 en Zaragoza su X Reuni\u00f3n Anual, centrada en la Neurociencia de los Trastornos Funcionales. La jornada reuni\u00f3 a especialistas de referencia como V\u00edctor G\u00f3mez, Genny Lubrini, Patricia Gracia e Isabel Irigoyen, quienes abordaron distintos aspectos relacionados con la evaluaci\u00f3n e intervenci\u00f3n de [&hellip;]","og_url":"https:\/\/svnps.org\/eu\/la-asociacion-aragonesa-de-neuropsicologia-dedico-su-x-reunion-anual-a-los-trastornos-funcionales\/","og_site_name":"SVN","article_published_time":"2026-05-26T18:00:52+00:00","article_modified_time":"2026-07-02T15:23:11+00:00","og_image":[{"width":1920,"height":1379,"url":"https:\/\/svnps.org\/wp-content\/uploads\/2026\/05\/blog-post.jpg","type":"image\/jpeg"}],"author":"micozzi","twitter_card":"summary_large_image","twitter_misc":{"Written by":"micozzi","Est. reading time":"1 minutua"},"schema":{"@context":"https:\/\/schema.org","@graph":[{"@type":"Article","@id":"https:\/\/svnps.org\/la-asociacion-aragonesa-de-neuropsicologia-dedico-su-x-reunion-anual-a-los-trastornos-funcionales\/#article","isPartOf":{"@id":"https:\/\/svnps.org\/la-asociacion-aragonesa-de-neuropsicologia-dedico-su-x-reunion-anual-a-los-trastornos-funcionales\/"},"author":{"name":"micozzi","@id":"https:\/\/svnps.org\/#\/schema\/person\/ef7c0155a20911dcbf03af310d406afb"},"headline":"La Asociaci\u00f3n Aragonesa de Neuropsicolog\u00eda dedic\u00f3 su X Reuni\u00f3n Anual a los Trastornos Funcionales","datePublished":"2026-05-26T18:00:52+00:00","dateModified":"2026-07-02T15:23:11+00:00","mainEntityOfPage":{"@id":"https:\/\/svnps.org\/la-asociacion-aragonesa-de-neuropsicologia-dedico-su-x-reunion-anual-a-los-trastornos-funcionales\/"},"wordCount":153,"commentCount":0,"image":{"@id":"https:\/\/svnps.org\/la-asociacion-aragonesa-de-neuropsicologia-dedico-su-x-reunion-anual-a-los-trastornos-funcionales\/#primaryimage"},"thumbnailUrl":"https:\/\/svnps.org\/wp-content\/uploads\/2026\/05\/blog-post.jpg","articleSection":["Iniciativas"],"inLanguage":"eu","potentialAction":[{"@type":"CommentAction","name":"Comment","target":["https:\/\/svnps.org\/la-asociacion-aragonesa-de-neuropsicologia-dedico-su-x-reunion-anual-a-los-trastornos-funcionales\/#respond"]}]},{"@type":"WebPage","@id":"https:\/\/svnps.org\/la-asociacion-aragonesa-de-neuropsicologia-dedico-su-x-reunion-anual-a-los-trastornos-funcionales\/","url":"https:\/\/svnps.org\/la-asociacion-aragonesa-de-neuropsicologia-dedico-su-x-reunion-anual-a-los-trastornos-funcionales\/","name":"La Asociaci\u00f3n Aragonesa de Neuropsicolog\u00eda dedic\u00f3 su X Reuni\u00f3n Anual a los Trastornos Funcionales - SVN","isPartOf":{"@id":"https:\/\/svnps.org\/#website"},"primaryImageOfPage":{"@id":"https:\/\/svnps.org\/la-asociacion-aragonesa-de-neuropsicologia-dedico-su-x-reunion-anual-a-los-trastornos-funcionales\/#primaryimage"},"image":{"@id":"https:\/\/svnps.org\/la-asociacion-aragonesa-de-neuropsicologia-dedico-su-x-reunion-anual-a-los-trastornos-funcionales\/#primaryimage"},"thumbnailUrl":"https:\/\/svnps.org\/wp-content\/uploads\/2026\/05\/blog-post.jpg","datePublished":"2026-05-26T18:00:52+00:00","dateModified":"2026-07-02T15:23:11+00:00","author":{"@id":"https:\/\/svnps.org\/#\/schema\/person\/ef7c0155a20911dcbf03af310d406afb"},"breadcrumb":{"@id":"https:\/\/svnps.org\/la-asociacion-aragonesa-de-neuropsicologia-dedico-su-x-reunion-anual-a-los-trastornos-funcionales\/#breadcrumb"},"inLanguage":"eu","potentialAction":[{"@type":"ReadAction","target":["https:\/\/svnps.org\/la-asociacion-aragonesa-de-neuropsicologia-dedico-su-x-reunion-anual-a-los-trastornos-funcionales\/"]}]},{"@type":"ImageObject","inLanguage":"eu","@id":"https:\/\/svnps.org\/la-asociacion-aragonesa-de-neuropsicologia-dedico-su-x-reunion-anual-a-los-trastornos-funcionales\/#primaryimage","url":"https:\/\/svnps.org\/wp-content\/uploads\/2026\/05\/blog-post.jpg","contentUrl":"https:\/\/svnps.org\/wp-content\/uploads\/2026\/05\/blog-post.jpg","width":1920,"height":1379},{"@type":"BreadcrumbList","@id":"https:\/\/svnps.org\/la-asociacion-aragonesa-de-neuropsicologia-dedico-su-x-reunion-anual-a-los-trastornos-funcionales\/#breadcrumb","itemListElement":[{"@type":"ListItem","position":1,"name":"Portada","item":"https:\/\/svnps.org\/"},{"@type":"ListItem","position":2,"name":"La Asociaci\u00f3n Aragonesa de Neuropsicolog\u00eda dedic\u00f3 su X Reuni\u00f3n Anual a los Trastornos Funcionales"}]},{"@type":"WebSite","@id":"https:\/\/svnps.org\/#website","url":"https:\/\/svnps.org\/","name":"SVN","description":"","potentialAction":[{"@type":"SearchAction","target":{"@type":"EntryPoint","urlTemplate":"https:\/\/svnps.org\/?s={search_term_string}"},"query-input":{"@type":"PropertyValueSpecification","valueRequired":true,"valueName":"search_term_string"}}],"inLanguage":"eu"},{"@type":"Person","@id":"https:\/\/svnps.org\/#\/schema\/person\/ef7c0155a20911dcbf03af310d406afb","name":"micozzi","image":{"@type":"ImageObject","inLanguage":"eu","@id":"https:\/\/secure.gravatar.com\/avatar\/d12f87b989e1bd533a4442f0dfa9087f3a8a280f4d316d14fe03bcfd45717488?s=96&d=mm&r=g","url":"https:\/\/secure.gravatar.com\/avatar\/d12f87b989e1bd533a4442f0dfa9087f3a8a280f4d316d14fe03bcfd45717488?s=96&d=mm&r=g","contentUrl":"https:\/\/secure.gravatar.com\/avatar\/d12f87b989e1bd533a4442f0dfa9087f3a8a280f4d316d14fe03bcfd45717488?s=96&d=mm&r=g","caption":"micozzi"},"sameAs":["https:\/\/bzd.ewi.mybluehost.me\/website_b65c74c8"],"url":"https:\/\/svnps.org\/eu\/author\/micozzi\/"}]}},"_links":{"self":[{"href":"https:\/\/svnps.org\/eu\/wp-json\/wp\/v2\/posts\/686","targetHints":{"allow":["GET"]}}],"collection":[{"href":"https:\/\/svnps.org\/eu\/wp-json\/wp\/v2\/posts"}],"about":[{"href":"https:\/\/svnps.org\/eu\/wp-json\/wp\/v2\/types\/post"}],"author":[{"embeddable":true,"href":"https:\/\/svnps.org\/eu\/wp-json\/wp\/v2\/users\/1"}],"replies":[{"embeddable":true,"href":"https:\/\/svnps.org\/eu\/wp-json\/wp\/v2\/comments?post=686"}],"version-history":[{"count":3,"href":"https:\/\/svnps.org\/eu\/wp-json\/wp\/v2\/posts\/686\/revisions"}],"predecessor-version":[{"id":1865,"href":"https:\/\/svnps.org\/eu\/wp-json\/wp\/v2\/posts\/686\/revisions\/1865"}],"wp:featuredmedia":[{"embeddable":true,"href":"https:\/\/svnps.org\/eu\/wp-json\/wp\/v2\/media\/2019"}],"wp:attachment":[{"href":"https:\/\/svnps.org\/eu\/wp-json\/wp\/v2\/media?parent=686"}],"wp:term":[{"taxonomy":"category","embeddable":true,"href":"https:\/\/svnps.org\/eu\/wp-json\/wp\/v2\/categories?post=686"},{"taxonomy":"post_tag","embeddable":true,"href":"https:\/\/svnps.org\/eu\/wp-json\/wp\/v2\/tags?post=686"}],"curies":[{"name":"wp","href":"https:\/\/api.w.org\/{rel}","templated":true}]}}